{"id":5758,"date":"2026-04-27T10:50:33","date_gmt":"2026-04-27T08:50:33","guid":{"rendered":"https:\/\/pscherer-online.de\/wp\/?p=5758"},"modified":"2026-04-27T10:51:26","modified_gmt":"2026-04-27T08:51:26","slug":"start-eines-neuen-integrationskurs-in-marktredwitz","status":"publish","type":"post","link":"https:\/\/pscherer-online.de\/wp\/?p=5758","title":{"rendered":"Start eines neuen Integrationskurs in Hof am 08.06.2026"},"content":{"rendered":"\n<div class=\"wp-block-columns is-layout-flex wp-container-core-columns-is-layout-9d6595d7 wp-block-columns-is-layout-flex\">\n<div class=\"wp-block-column is-layout-flow wp-block-column-is-layout-flow\">\n<figure class=\"wp-block-image size-full is-resized\"><img loading=\"lazy\" decoding=\"async\" width=\"1080\" height=\"1080\" src=\"https:\/\/pscherer-online.de\/wp\/wp-content\/uploads\/2026\/04\/Integrationskurs_Hof-8.6._NEU.jpg\" alt=\"\" class=\"wp-image-5779\" style=\"width:584px;height:auto\"\/><figcaption class=\"wp-element-caption\">designed by 8photo auf <a href=\"http:\/\/www.freepik.com\">www.freepik.com<\/a><\/figcaption><\/figure>\n<\/div>\n\n\n\n<div class=\"wp-block-column is-layout-flow wp-block-column-is-layout-flow\">\n<p><strong>Starten Sie durch mit unserem Integrationskurs in Hof!\u00a0<\/strong><strong>&#x1f1e9;&#x1f1ea;<\/strong>\u00a0<\/p>\n\n\n\n<p>Sie m\u00f6chten Deutsch lernen und sich in Deutschland besser integrieren? Unser allgemeiner Integrationskurs bietet Ihnen die perfekte Gelegenheit dazu \u2013 vormittags von 8:30 Uhr bis 11:45 Uhr beim Bildungsinstitut PSCHERER am Standort Hof.<\/p>\n\n\n\n<p>&#x2705;&nbsp;Praxisnaher Unterricht&nbsp;<br>&#x2705;&nbsp;Qualifizierte Lehrkr\u00e4fte&nbsp;<br>&#x2705;&nbsp;Kleine Lerngruppen f\u00fcr individuelles Lernen&nbsp;<\/p>\n\n\n\n<p>&#x1f4c5;\u00a0N\u00e4chster Kursstart: 8. Juni 2026 in Hof\u00a0<br>&#x1f4cd;\u00a0Melden Sie sich jetzt an und sichern Sie sich Ihren Platz!\u00a0<\/p>\n\n\n\n<p>F\u00fcr weitere Informationen:&nbsp;&nbsp;&nbsp;<\/p>\n\n\n\n<p>&#x1f4de;\u00a0Tel. 09231 5039193<br>&#x1f4e7;\u00a0hof@pscherer-online.de\u00a0<br>&#x1f310;\u00a0Website:\u00a0<a href=\"https:\/\/pscherer-online.de\/wp\/?page_id=2163\" target=\"_blank\" rel=\"noreferrer noopener\">https:\/\/pscherer-online.de\/wp\/?page_id=2163<\/a>\u00a0<\/p>\n\n\n\n<p>Bringen Sie Ihre Sprachkenntnisse auf das n\u00e4chste Level \u2013 wir begleiten Sie auf Ihrem Weg!&nbsp;<\/p>\n\n\n\n<p>Dieser Kurs wird vom Bundesamt f\u00fcr Migration und Fl\u00fcchtlinge gef\u00f6rdert.<\/p>\n\n\n\n<p><\/p>\n\n\n\n<p><\/p>\n\n\n\n<p><\/p>\n<\/div>\n<\/div>\n\n\n\n<p>Ihr Feedback ist uns herzlich willkommen! Teilen Sie uns Ihre Anregungen oder auch Kritik gerne mit per E-Mail an <a href=\"mailto:pr@pscherer-online.de\">pr@pscherer-online.de<\/a>.<\/p>\n\n\n\n<p><\/p>\n","protected":false},"excerpt":{"rendered":"<p>Starten Sie durch mit unserem Integrationskurs in Hof!\u00a0&#x1f1e9;&#x1f1ea;\u00a0 Sie m\u00f6chten Deutsch lernen und sich in Deutschland besser integrieren? Unser allgemeiner Integrationskurs bietet Ihnen die perfekte Gelegenheit dazu \u2013 vormittags von 8:30 Uhr<a class=\"moretag\" href=\"https:\/\/pscherer-online.de\/wp\/?p=5758\">mehr anzeigen&#8230;<\/a><\/p>\n","protected":false},"author":1,"featured_media":5757,"comment_status":"closed","ping_status":"closed","sticky":false,"template":"","format":"standard","meta":{"footnotes":""},"categories":[22],"tags":[],"class_list":["post-5758","post","type-post","status-publish","format-standard","has-post-thumbnail","hentry","category-news"],"_links":{"self":[{"href":"https:\/\/pscherer-online.de\/wp\/index.php?rest_route=\/wp\/v2\/posts\/5758","targetHints":{"allow":["GET"]}}],"collection":[{"href":"https:\/\/pscherer-online.de\/wp\/index.php?rest_route=\/wp\/v2\/posts"}],"about":[{"href":"https:\/\/pscherer-online.de\/wp\/index.php?rest_route=\/wp\/v2\/types\/post"}],"author":[{"embeddable":true,"href":"https:\/\/pscherer-online.de\/wp\/index.php?rest_route=\/wp\/v2\/users\/1"}],"replies":[{"embeddable":true,"href":"https:\/\/pscherer-online.de\/wp\/index.php?rest_route=%2Fwp%2Fv2%2Fcomments&post=5758"}],"version-history":[{"count":5,"href":"https:\/\/pscherer-online.de\/wp\/index.php?rest_route=\/wp\/v2\/posts\/5758\/revisions"}],"predecessor-version":[{"id":5790,"href":"https:\/\/pscherer-online.de\/wp\/index.php?rest_route=\/wp\/v2\/posts\/5758\/revisions\/5790"}],"wp:featuredmedia":[{"embeddable":true,"href":"https:\/\/pscherer-online.de\/wp\/index.php?rest_route=\/wp\/v2\/media\/5757"}],"wp:attachment":[{"href":"https:\/\/pscherer-online.de\/wp\/index.php?rest_route=%2Fwp%2Fv2%2Fmedia&parent=5758"}],"wp:term":[{"taxonomy":"category","embeddable":true,"href":"https:\/\/pscherer-online.de\/wp\/index.php?rest_route=%2Fwp%2Fv2%2Fcategories&post=5758"},{"taxonomy":"post_tag","embeddable":true,"href":"https:\/\/pscherer-online.de\/wp\/index.php?rest_route=%2Fwp%2Fv2%2Ftags&post=5758"}],"curies":[{"name":"wp","href":"https:\/\/api.w.org\/{rel}","templated":true}]}}