{"id":5680,"date":"2026-01-19T14:44:28","date_gmt":"2026-01-19T13:44:28","guid":{"rendered":"https:\/\/pscherer-online.de\/wp\/?p=5680"},"modified":"2026-01-19T14:51:38","modified_gmt":"2026-01-19T13:51:38","slug":"start-des-neuen-flows-im-projekt-juventus-ideal-integration-durch-europaeischen-austausch-lernen","status":"publish","type":"post","link":"https:\/\/pscherer-online.de\/wp\/?p=5680","title":{"rendered":"Start des neuen Flows im Projekt JUVENTUS \u2013 I:DeAl"},"content":{"rendered":"\n<div class=\"wp-block-columns is-layout-flex wp-container-core-columns-is-layout-9d6595d7 wp-block-columns-is-layout-flex\">\n<div class=\"wp-block-column is-layout-flow wp-block-column-is-layout-flow\">\n<figure class=\"wp-block-image size-full is-resized\"><img loading=\"lazy\" decoding=\"async\" width=\"4500\" height=\"4500\" src=\"https:\/\/pscherer-online.de\/wp\/wp-content\/uploads\/2026\/01\/IDeAl_2.Flow_2.jpg\" alt=\"\" class=\"wp-image-5679\" style=\"width:584px;height:auto\"\/><figcaption class=\"wp-element-caption\">designed by Freepik auf <a href=\"http:\/\/www.freepik.com\">www.freepik.com<\/a><\/figcaption><\/figure>\n<\/div>\n\n\n\n<div class=\"wp-block-column is-layout-flow wp-block-column-is-layout-flow\">\n<p>Am 01.03.2026 startet I:DeAl in die 2. Runde.<br>Das Programm richtet sich an junge Menschen im Alter von 18 bis 30 Jahren, die neue berufliche Perspektiven suchen und deren Einstieg in Arbeit oder Ausbildung erschwert ist.<\/p>\n\n\n\n<p>Durch mehrmonatige betriebliche Praktika im europ\u00e4ischen Ausland \u2013 aktuell im Zielland Schweden &#x1f1f8;&#x1f1ea; \u2013 erhalten die Teilnehmenden wertvolle Praxiserfahrungen und st\u00e4rken nachhaltig ihre Chancen auf dem Arbeitsmarkt.<\/p>\n\n\n\n<p><strong>Interesse geweckt?<\/strong><br>&#x1f449; Bitte wenden Sie sich an Ihren pers\u00f6nlichen Ansprechpartner im Jobcenter.<br>&#x1f449; Weitere Informationen: <a href=\"https:\/\/pscherer-online.de\/wp\/?page_id=5223\"><strong>https:\/\/pscherer-online.de\/wp\/?page_id=5223<\/strong><\/a><\/p>\n\n\n\n<p>&#x2728; Wir freuen uns auf Sie!<\/p>\n\n\n\n<p>Das Projekt I:DeAl \u2013 Integration: Durch europ\u00e4ischen Austausch lernen wird im Rahmen des Programms \u201eJUVENTUS \u2013 Mobilit\u00e4t st\u00e4rken, f\u00fcr ein soziales Europa\u201c durch das Bundesministerium f\u00fcr Arbeit und Soziales und die Europ\u00e4ische Union \u00fcber den Europ\u00e4ischen Sozialfonds Plus (ESF Plus) gef\u00f6rdert.<\/p>\n\n\n\n<p><\/p>\n\n\n\n<p><\/p>\n\n\n\n<p><\/p>\n<\/div>\n<\/div>\n\n\n\n<p>Ihr Feedback ist uns herzlich willkommen! Teilen Sie uns Ihre Anregungen oder auch Kritik gerne mit per E-Mail an <a href=\"mailto:pr@pscherer-online.de\">pr@pscherer-online.de<\/a>.<\/p>\n\n\n\n<p><\/p>\n","protected":false},"excerpt":{"rendered":"<p>Am 01.03.2026 startet I:DeAl in die 2. Runde.Das Programm richtet sich an junge Menschen im Alter von 18 bis 30 Jahren, die neue berufliche Perspektiven suchen und deren Einstieg in Arbeit oder<a class=\"moretag\" href=\"https:\/\/pscherer-online.de\/wp\/?p=5680\">mehr anzeigen&#8230;<\/a><\/p>\n","protected":false},"author":1,"featured_media":5678,"comment_status":"closed","ping_status":"closed","sticky":false,"template":"","format":"standard","meta":{"footnotes":""},"categories":[22],"tags":[],"class_list":["post-5680","post","type-post","status-publish","format-standard","has-post-thumbnail","hentry","category-news"],"_links":{"self":[{"href":"https:\/\/pscherer-online.de\/wp\/index.php?rest_route=\/wp\/v2\/posts\/5680","targetHints":{"allow":["GET"]}}],"collection":[{"href":"https:\/\/pscherer-online.de\/wp\/index.php?rest_route=\/wp\/v2\/posts"}],"about":[{"href":"https:\/\/pscherer-online.de\/wp\/index.php?rest_route=\/wp\/v2\/types\/post"}],"author":[{"embeddable":true,"href":"https:\/\/pscherer-online.de\/wp\/index.php?rest_route=\/wp\/v2\/users\/1"}],"replies":[{"embeddable":true,"href":"https:\/\/pscherer-online.de\/wp\/index.php?rest_route=%2Fwp%2Fv2%2Fcomments&post=5680"}],"version-history":[{"count":3,"href":"https:\/\/pscherer-online.de\/wp\/index.php?rest_route=\/wp\/v2\/posts\/5680\/revisions"}],"predecessor-version":[{"id":5683,"href":"https:\/\/pscherer-online.de\/wp\/index.php?rest_route=\/wp\/v2\/posts\/5680\/revisions\/5683"}],"wp:featuredmedia":[{"embeddable":true,"href":"https:\/\/pscherer-online.de\/wp\/index.php?rest_route=\/wp\/v2\/media\/5678"}],"wp:attachment":[{"href":"https:\/\/pscherer-online.de\/wp\/index.php?rest_route=%2Fwp%2Fv2%2Fmedia&parent=5680"}],"wp:term":[{"taxonomy":"category","embeddable":true,"href":"https:\/\/pscherer-online.de\/wp\/index.php?rest_route=%2Fwp%2Fv2%2Fcategories&post=5680"},{"taxonomy":"post_tag","embeddable":true,"href":"https:\/\/pscherer-online.de\/wp\/index.php?rest_route=%2Fwp%2Fv2%2Ftags&post=5680"}],"curies":[{"name":"wp","href":"https:\/\/api.w.org\/{rel}","templated":true}]}}