{"id":4554,"date":"2024-04-08T08:33:36","date_gmt":"2024-04-08T06:33:36","guid":{"rendered":"https:\/\/pscherer-online.de\/wp\/?p=4554"},"modified":"2024-04-08T08:35:54","modified_gmt":"2024-04-08T06:35:54","slug":"deutsch-lernen-leicht-gemacht","status":"publish","type":"post","link":"https:\/\/pscherer-online.de\/wp\/?p=4554","title":{"rendered":"Deutsch lernen leicht gemacht"},"content":{"rendered":"\n<div class=\"wp-block-columns is-layout-flex wp-container-core-columns-is-layout-9d6595d7 wp-block-columns-is-layout-flex\">\n<div class=\"wp-block-column is-layout-flow wp-block-column-is-layout-flow\">\n<figure class=\"wp-block-image size-full\"><img loading=\"lazy\" decoding=\"async\" width=\"1600\" height=\"1200\" src=\"https:\/\/pscherer-online.de\/wp\/wp-content\/uploads\/2024\/04\/Favorit-Gruppe-1-IMG-20240125-WA0001.jpg\" alt=\"\" class=\"wp-image-4553\"\/><\/figure>\n<\/div>\n\n\n\n<div class=\"wp-block-column is-layout-flow wp-block-column-is-layout-flow\">\n<p>Im Rahmen des Programms \u201eMY TURN \u2013 Frauen mit Migrationshintergrund starten durch\u201c k\u00f6nnen wir dank einer externen Dozentin den Frauen des Projektes \u201eMOVE\u201c zur Verbesserung ihrer Integration regelm\u00e4\u00dfig einen Deutschtag anbieten, welcher auf gro\u00dfe Resonanz und Begeisterung st\u00f6\u00dft.<\/p>\n\n\n\n<p>In zwei Bl\u00f6cken von jeweils zweieinhalb Stunden wird es den Teilnehmerinnen erm\u00f6glicht, ihre Deutschkenntnisse aufzufrischen und zu verbessern. Mit angepassten \u00dcbungen, vielen praktischen Beispielen und einer Menge guter Stimmung f\u00e4llt das Lernen der deutschen Sprache in der Gruppe viel leichter.<\/p>\n\n\n\n<p>\u201eDas Projekt \u201cMOVE &#8211; Migrantinnen offensiv ins Vogtland\u201c eingliedern wird im Rahmen des Programms \u201e<a href=\"https:\/\/www.esf.de\/portal\/DE\/ESF-Plus-2021-2027\/Foerderprogramme\/bmas\/my_turn.html\">MY TURN<\/a> &#8211; Frauen mit Migrationserfahrung starten durch\u201c durch das <a href=\"http:\/\/www.bmas.bund.de\/\">Bundesministerium f\u00fcr Arbeit und Soziales<\/a> und die <a href=\"https:\/\/ec.europa.eu\/european-social-fund-plus\/de\">Europ\u00e4ische Union<\/a> \u00fcber den <a href=\"https:\/\/www.esf.de\/portal\/DE\/Startseite\/inhalt.html\">Europ\u00e4ischen Sozialfonds Plus<\/a> (ESF Plus) gef\u00f6rdert.\u201c<\/p>\n\n\n\n<p>#europaeischer_sozialfonds #europaeischersozialfonds #esf #europaeischersozialfondsplus #esfplus #europeansocialfund #europeanunion#eukommission #eusocial #arbeit #soziales #bmas #EUfunds #eusocial<\/p>\n<\/div>\n<\/div>\n\n\n\n<p>Ihr Feedback ist uns herzlich willkommen! Teilen Sie uns Ihre Anregungen oder auch Kritik gerne mit per E-Mail an <a href=\"mailto:pr@pscherer-online.de\">pr@pscherer-online.de<\/a>.<\/p>\n\n\n\n<p><\/p>\n","protected":false},"excerpt":{"rendered":"<p>Im Rahmen des Programms \u201eMY TURN \u2013 Frauen mit Migrationshintergrund starten durch\u201c k\u00f6nnen wir dank einer externen Dozentin den Frauen des Projektes \u201eMOVE\u201c zur Verbesserung ihrer Integration regelm\u00e4\u00dfig einen Deutschtag anbieten, welcher<a class=\"moretag\" href=\"https:\/\/pscherer-online.de\/wp\/?p=4554\">mehr anzeigen&#8230;<\/a><\/p>\n","protected":false},"author":1,"featured_media":4553,"comment_status":"closed","ping_status":"closed","sticky":false,"template":"","format":"standard","meta":{"footnotes":""},"categories":[22],"tags":[],"class_list":["post-4554","post","type-post","status-publish","format-standard","has-post-thumbnail","hentry","category-news"],"_links":{"self":[{"href":"https:\/\/pscherer-online.de\/wp\/index.php?rest_route=\/wp\/v2\/posts\/4554","targetHints":{"allow":["GET"]}}],"collection":[{"href":"https:\/\/pscherer-online.de\/wp\/index.php?rest_route=\/wp\/v2\/posts"}],"about":[{"href":"https:\/\/pscherer-online.de\/wp\/index.php?rest_route=\/wp\/v2\/types\/post"}],"author":[{"embeddable":true,"href":"https:\/\/pscherer-online.de\/wp\/index.php?rest_route=\/wp\/v2\/users\/1"}],"replies":[{"embeddable":true,"href":"https:\/\/pscherer-online.de\/wp\/index.php?rest_route=%2Fwp%2Fv2%2Fcomments&post=4554"}],"version-history":[{"count":4,"href":"https:\/\/pscherer-online.de\/wp\/index.php?rest_route=\/wp\/v2\/posts\/4554\/revisions"}],"predecessor-version":[{"id":4560,"href":"https:\/\/pscherer-online.de\/wp\/index.php?rest_route=\/wp\/v2\/posts\/4554\/revisions\/4560"}],"wp:featuredmedia":[{"embeddable":true,"href":"https:\/\/pscherer-online.de\/wp\/index.php?rest_route=\/wp\/v2\/media\/4553"}],"wp:attachment":[{"href":"https:\/\/pscherer-online.de\/wp\/index.php?rest_route=%2Fwp%2Fv2%2Fmedia&parent=4554"}],"wp:term":[{"taxonomy":"category","embeddable":true,"href":"https:\/\/pscherer-online.de\/wp\/index.php?rest_route=%2Fwp%2Fv2%2Fcategories&post=4554"},{"taxonomy":"post_tag","embeddable":true,"href":"https:\/\/pscherer-online.de\/wp\/index.php?rest_route=%2Fwp%2Fv2%2Ftags&post=4554"}],"curies":[{"name":"wp","href":"https:\/\/api.w.org\/{rel}","templated":true}]}}